



{"id":197,"date":"2015-04-18T06:04:37","date_gmt":"2015-04-18T06:04:37","guid":{"rendered":"http:\/\/miniart.lt\/smmm\/?p=197"},"modified":"2015-04-24T06:26:40","modified_gmt":"2015-04-24T06:26:40","slug":"muzikos-teorijos-skyrius","status":"publish","type":"post","link":"https:\/\/smmm.lt\/en\/muzikos-teorijos-skyrius\/","title":{"rendered":"Muzikos teorijos skyrius"},"content":{"rendered":"<p>Teorijos\u00a0skyriuje\u00a0dirba: <br \/>Mokytoja\u00a0\u00a0metodinink\u0117\u00a0Olga\u00a0Zinevi\u010d (Muzikos\u00a0ra\u0161to\u00a0ir\u00a0kult\u016bros\u00a0pa\u017einimo,\u00a0solfed\u017eio mokytoja.\u00a0 Jaunu\u010di\u0173\u00a0choro vadov\u0117) ;<!--more--><br \/>Mokytoja\u00a0\u00a0metodinink\u0117\u00a0Danguol\u0117 Neris \u017divotkevi\u010dien\u0117 (Muzikos\u00a0istorijos mokytoja); <br \/>Mokytoja\u00a0metodinink\u0117\u00a0Irina Rodevi\u010d (Muzikos\u00a0ra\u0161to\u00a0ir\u00a0kult\u016bros\u00a0pa\u017einimo,\u00a0solfed\u017eio mokytoja)<br \/>Vyresnioji\u00a0mokytoja\u00a0Elena Zinkevi\u010dien\u0117 (Muzikos\u00a0ra\u0161to\u00a0ir\u00a0kult\u016bros\u00a0pa\u017einimo,\u00a0solfed\u017eio mokytoja, Jauni\u0173\u00a0choro vadov\u0117);<\/p>\n<p>&nbsp;<\/p>\n<p>Skyrius\u00a0apjungia\u00a0visus\u00a0muzikos\u00a0specialybi\u0173\u00a0mokinius,darbas vyksta grup\u0117se.\u00a0Dirbama\u00a0pagal\u00a0paruo\u0161tas<br \/>muzikos\u00a0teorijos\u00a0programas. Pusme\u010dio\u00a0pabaigoje\u00a0visose\u00a0grup\u0117se\u00a0pravedamos\u00a0kontrolin\u0117s\u00a0pamokos,\u00a0ra\u0161omi<br \/>kontroliniai\u00a0darbai.\u00a0Choruose\u00a0vyksta\u00a0 partij\u0173\u00a0atsiskaitymas.<\/p>\n<p>&nbsp;<\/p>\n<p>Muzikos\u00a0teorijos\u00a0skyriuje\u00a0d\u0117stomi\u00a0\u00a0dalykai:<br \/>1.\u00a0Muzikos\u00a0ra\u0161to\u00a0ir\u00a0kult\u016bros\u00a0pa\u017einimas,\u00a0tikslinis\u00a0pradinis\u00a0muzikinis\u00a0ugdymas\u00a0(I\u00a0\u2013\u00a0III\u00a0kl.);<br \/>2.\u00a0Solfed\u017eio,\u00a0tikslinis\u00a0pagrindinis\u00a0muzikinis\u00a0ugdymas\u00a0(I\u00a0\u2013\u00a0IV\u00a0kl.);<br \/>3.\u00a0Muzikos\u00a0istorija,\u00a0tikslinis\u00a0pagrindinis\u00a0muzikinis\u00a0ugdymas\u00a0(\u00a0I\u00a0\u2013\u00a0IV\u00a0kl.);<br \/>4.\u00a0Chorinis\u00a0dainavimas: Jaunu\u010di\u0173\u00a0choras\u00a0ir\u00a0Jauni\u0173\u00a0choras.<\/p>\n<p>&nbsp;<\/p>\n<p>Skyriaus\u00a0mokiniai\u00a0 dalyvauja\u00a0visuose\u00a0numatytuose\u00a0kult\u016briniuose renginiuose.\u00a0 Jaunu\u010di\u0173 ir\u00a0 Jauni\u0173\u00a0chorai\u00a0 <br \/>Respublikiniuose\u00a0Dain\u0173\u00a0\u0161vent\u0117se (Vilnius,Klaip\u0117da), konkurse\u00a0&#8211;\u00a0festivalyje\u00a0\u201eMes\u00a0Lietuvos\u00a0vaikai\u201c (Vilnius) , \u00a0Tarptautinio\u00a0chorin\u0117s muzikos\u00a0festivalio\u00a0\u00a0\u201cAuksin\u0117\u00a0\u0160al\u010dios juosta\u201d chor\u0173 konkursuose (Ej\u0161i\u0161k\u0117s), Respublikiniuose\u00a0festivaliuose\u00a0\u201eTau\u00a0\u2013\u00a0Mamyt\u0117\u201c( Rudamina), chor\u0173 festivaliuose \u201eDainuojantis\u00a0gaidys\u201c (Ja\u0161i\u016bnai),\u00a0rajono\u00a0folkloro\u00a0festivaliuose \u201eDaina\u00a0prie\u00a0\u0160al\u010dios\u201c, rajono &#8222;D\u0117rliaus \u0161vent\u0117se&#8221;,\u00a0mokyklos\u00a0kal\u0117diniuose\u00a0koncertuose ir kt..<br \/>Dalyvauta\u00a0\u0161ventose mi\u0161iose\u00a0Vilniaus\u00a0\u0160v.\u00a0Teres\u0117s\u00a0ba\u017eny\u010dioje,\u0160v.apa\u0161talo Piatro ba\u017eny\u010dioje (\u0160al\u010dininkai),\u00a0festivalyje\u00a0\u0160\u010de\u010dino\u00a0mieste\u00a0(\u00a0Lenkija\u00a0). 2014m chorai pareng\u0117 ir atliko Pop\u00a0Oratorij\u0105\u00a0\u201cDievo\u00a0Gailestingumas;\u00a0 kasmet rengia mokyklos chor\u0173 koncertus &#8222;Dain\u0173 pyn\u0117&#8221;, bendradarbiauja su kitais mokyklos skyriais.<\/p>\n<p>&nbsp;<\/p>\n<p>Skyriaus\u00a0moksleiviai ruo\u0161iami<br \/>Respublikiniam\u00a0televizijos\u00a0konkursui\u00a0\u201eDain\u0173\u00a0dainel\u0117\u201c,\u00a0kelet\u0105\u00a0kart\u0173\u00a0tapo<br \/>\u0161io\u00a0konkurso\u00a0laureatais . Dalyvavo Tarptautiniame\u00a0S.Moniu\u0161kos\u00a0\u00a0lenk\u0173<br \/>instrumentin\u0117s\u00a0\u2013\u00a0vokalin\u0117s\u00a0muzikos\u00a0festivalyje\u00a0\u2013\u00a0konkurse ( \u0160al\u010dininkai),<\/p>\n<p>&nbsp;<\/p>\n<p>Solfed\u017eio\u00a0moksleiviai\u00a0s\u0117kmingai dalyvavo solfed\u017eio konkursuose mokykloje, solfed\u017eio<br \/>konkursuose \u00a0\u201eDainuojanti\u00a0Plunksnel\u0117\u201c(Vilnius) bei tapo \u0161io konkurso laureatais. <br \/>Muzikos\u00a0istorijos\u00a0 pamokose\u00a0\u00a0ruo\u0161iamos\u00a0 parodos &#8221; I\u0161 kompozitori\u0173 gyvenimo &#8222;, pravedami\u00a0muzikiniai\u00a0istoriniai\u00a0vakarai.<\/p>\n<p>&nbsp;<\/p>\n<p>Baig\u0119\u00a0\u00a0mokykl\u0105\u00a0mokiniai\u00a0dalyvauja\u00a0muzikiniame\u00a0gyvenime, dainuoja\u00a0mokyklos\u00a0Jauni\u0173 chore,vokaliniuose ansambliuose ir kt.<\/p>\n\n\t\t<style type=\"text\/css\">\n\t\t\t#gallery-1 {\n\t\t\t\tmargin: auto;\n\t\t\t}\n\t\t\t#gallery-1 .gallery-item {\n\t\t\t\tfloat: left;\n\t\t\t\tmargin-top: 10px;\n\t\t\t\ttext-align: center;\n\t\t\t\twidth: 25%;\n\t\t\t}\n\t\t\t#gallery-1 img {\n\t\t\t\tborder: 2px solid #cfcfcf;\n\t\t\t}\n\t\t\t#gallery-1 .gallery-caption {\n\t\t\t\tmargin-left: 0;\n\t\t\t}\n\t\t\t\/* see gallery_shortcode() in wp-includes\/media.php *\/\n\t\t<\/style>\n\t\t<div id='gallery-1' class='gallery galleryid-197 gallery-columns-4 gallery-size-thumbnail'><dl class='gallery-item'>\n\t\t\t<dt class='gallery-icon landscape'>\n\t\t\t\t<a href='https:\/\/smmm.lt\/en\/wp-content\/uploads\/2015\/04\/DSC_4891.jpg' rel=\"lightbox[197]\"><img loading=\"lazy\" decoding=\"async\" width=\"150\" height=\"150\" src=\"https:\/\/smmm.lt\/en\/wp-content\/uploads\/2015\/04\/DSC_4891-150x150.jpg\" class=\"attachment-thumbnail size-thumbnail\" alt=\"\" \/><\/a>\n\t\t\t<\/dt><\/dl><dl class='gallery-item'>\n\t\t\t<dt class='gallery-icon landscape'>\n\t\t\t\t<a href='https:\/\/smmm.lt\/en\/wp-content\/uploads\/2015\/04\/DSC_7805.jpg' rel=\"lightbox[197]\"><img loading=\"lazy\" decoding=\"async\" width=\"150\" height=\"150\" src=\"https:\/\/smmm.lt\/en\/wp-content\/uploads\/2015\/04\/DSC_7805-150x150.jpg\" class=\"attachment-thumbnail size-thumbnail\" alt=\"\" \/><\/a>\n\t\t\t<\/dt><\/dl><dl class='gallery-item'>\n\t\t\t<dt class='gallery-icon landscape'>\n\t\t\t\t<a href='https:\/\/smmm.lt\/en\/wp-content\/uploads\/2015\/04\/IMG_2548.jpg' rel=\"lightbox[197]\"><img loading=\"lazy\" decoding=\"async\" width=\"150\" height=\"150\" src=\"https:\/\/smmm.lt\/en\/wp-content\/uploads\/2015\/04\/IMG_2548-150x150.jpg\" class=\"attachment-thumbnail size-thumbnail\" alt=\"\" \/><\/a>\n\t\t\t<\/dt><\/dl><dl class='gallery-item'>\n\t\t\t<dt class='gallery-icon landscape'>\n\t\t\t\t<a href='https:\/\/smmm.lt\/en\/wp-content\/uploads\/2015\/04\/IMG_2895.jpg' rel=\"lightbox[197]\"><img loading=\"lazy\" decoding=\"async\" width=\"150\" height=\"150\" src=\"https:\/\/smmm.lt\/en\/wp-content\/uploads\/2015\/04\/IMG_2895-150x150.jpg\" class=\"attachment-thumbnail size-thumbnail\" alt=\"\" \/><\/a>\n\t\t\t<\/dt><\/dl><br style=\"clear: both\" \/><dl class='gallery-item'>\n\t\t\t<dt class='gallery-icon landscape'>\n\t\t\t\t<a href='https:\/\/smmm.lt\/en\/wp-content\/uploads\/2015\/04\/IMG_6045.jpg' rel=\"lightbox[197]\"><img loading=\"lazy\" decoding=\"async\" width=\"150\" height=\"150\" src=\"https:\/\/smmm.lt\/en\/wp-content\/uploads\/2015\/04\/IMG_6045-150x150.jpg\" class=\"attachment-thumbnail size-thumbnail\" alt=\"\" \/><\/a>\n\t\t\t<\/dt><\/dl><dl class='gallery-item'>\n\t\t\t<dt class='gallery-icon landscape'>\n\t\t\t\t<a href='https:\/\/smmm.lt\/en\/wp-content\/uploads\/2015\/04\/jaunuciai-su-vadovu.jpg' rel=\"lightbox[197]\"><img loading=\"lazy\" decoding=\"async\" width=\"150\" height=\"150\" src=\"https:\/\/smmm.lt\/en\/wp-content\/uploads\/2015\/04\/jaunuciai-su-vadovu-150x150.jpg\" class=\"attachment-thumbnail size-thumbnail\" alt=\"\" \/><\/a>\n\t\t\t<\/dt><\/dl><dl class='gallery-item'>\n\t\t\t<dt class='gallery-icon landscape'>\n\t\t\t\t<a href='https:\/\/smmm.lt\/en\/wp-content\/uploads\/2015\/04\/Picture-227.jpg' rel=\"lightbox[197]\"><img loading=\"lazy\" decoding=\"async\" width=\"150\" height=\"150\" src=\"https:\/\/smmm.lt\/en\/wp-content\/uploads\/2015\/04\/Picture-227-150x150.jpg\" class=\"attachment-thumbnail size-thumbnail\" alt=\"\" \/><\/a>\n\t\t\t<\/dt><\/dl>\n\t\t\t<br style='clear: both' \/>\n\t\t<\/div>\n\n","protected":false},"excerpt":{"rendered":"<p>Teorijos\u00a0skyriuje\u00a0dirba: Mokytoja\u00a0\u00a0metodinink\u0117\u00a0Olga\u00a0Zinevi\u010d (Muzikos\u00a0ra\u0161to\u00a0ir\u00a0kult\u016bros\u00a0pa\u017einimo,\u00a0solfed\u017eio mokytoja.\u00a0 Jaunu\u010di\u0173\u00a0choro vadov\u0117) ;<\/p>\n<div class=\"placiaukategorijos\"><a href=\"https:\/\/smmm.lt\/en\/muzikos-teorijos-skyrius\/\">Pla\u010diau...<\/a><\/div>","protected":false},"author":1,"featured_media":200,"comment_status":"open","ping_status":"open","sticky":false,"template":"","format":"standard","meta":{"_acf_changed":false,"footnotes":""},"categories":[9],"tags":[],"class_list":["post-197","post","type-post","status-publish","format-standard","has-post-thumbnail","hentry","category-muzikiniai-skyriai"],"acf":[],"_links":{"self":[{"href":"https:\/\/smmm.lt\/en\/wp-json\/wp\/v2\/posts\/197","targetHints":{"allow":["GET"]}}],"collection":[{"href":"https:\/\/smmm.lt\/en\/wp-json\/wp\/v2\/posts"}],"about":[{"href":"https:\/\/smmm.lt\/en\/wp-json\/wp\/v2\/types\/post"}],"author":[{"embeddable":true,"href":"https:\/\/smmm.lt\/en\/wp-json\/wp\/v2\/users\/1"}],"replies":[{"embeddable":true,"href":"https:\/\/smmm.lt\/en\/wp-json\/wp\/v2\/comments?post=197"}],"version-history":[{"count":8,"href":"https:\/\/smmm.lt\/en\/wp-json\/wp\/v2\/posts\/197\/revisions"}],"predecessor-version":[{"id":224,"href":"https:\/\/smmm.lt\/en\/wp-json\/wp\/v2\/posts\/197\/revisions\/224"}],"wp:featuredmedia":[{"embeddable":true,"href":"https:\/\/smmm.lt\/en\/wp-json\/wp\/v2\/media\/200"}],"wp:attachment":[{"href":"https:\/\/smmm.lt\/en\/wp-json\/wp\/v2\/media?parent=197"}],"wp:term":[{"taxonomy":"category","embeddable":true,"href":"https:\/\/smmm.lt\/en\/wp-json\/wp\/v2\/categories?post=197"},{"taxonomy":"post_tag","embeddable":true,"href":"https:\/\/smmm.lt\/en\/wp-json\/wp\/v2\/tags?post=197"}],"curies":[{"name":"wp","href":"https:\/\/api.w.org\/{rel}","templated":true}]}}